{"id":955,"date":"2026-05-16T20:21:15","date_gmt":"2026-05-16T20:21:15","guid":{"rendered":"https:\/\/kolundanevar.com\/index.php\/2026\/05\/16\/haftalik-mortgage-basvurulari-stoktan-satislarla-yukseldi\/"},"modified":"2026-05-19T07:45:08","modified_gmt":"2026-05-19T07:45:08","slug":"haftalik-mortgage-basvurulari-stoktan-satislarla-yukseldi","status":"publish","type":"post","link":"https:\/\/kolundanevar.com\/index.php\/2026\/05\/16\/haftalik-mortgage-basvurulari-stoktan-satislarla-yukseldi\/","title":{"rendered":"T\u00fcrk Saat\u00e7ili\u011fi: Anadolu&#8217;nun Zamanla \u0130mtihan\u0131"},"content":{"rendered":"<p>[dropcap]T[\/dropcap]\u00fcrkiye, d\u00fcnya saat\u00e7ilik haritas\u0131nda hen\u00fcz hak etti\u011fi yeri alamam\u0131\u015f bir \u00fclkedir. Oysa bu topraklar\u0131n saatle ili\u015fkisi, Osmanl\u0131&#8217;n\u0131n g\u00f6rkemli d\u00f6nemine kadar uzan\u0131r. \u0130stanbul&#8217;un minarelerinden y\u00fckselen ezan, Topkap\u0131 Saray\u0131&#8217;n\u0131n hazinesindeki nadide saat koleksiyonlar\u0131, Kapal\u0131\u00e7ar\u015f\u0131&#8217;n\u0131n y\u00fczy\u0131ll\u0131k saat\u00e7i d\u00fckkanlar\u0131&#8230; T\u00fcrkiye, saati hi\u00e7bir zaman yabanc\u0131 g\u00f6rmedi. Ama ne yaz\u0131k ki uzun y\u0131llar boyunca saati \u00fcretmek yerine ithal etmeyi tercih etti.<\/p>\n<p>Bug\u00fcn bu tablo yava\u015f yava\u015f de\u011fi\u015fiyor. Yerli markalar filizleniyor, zanaatk\u00e2rlar at\u00f6lyelerini a\u00e7\u0131yor, yeni nesil tasar\u0131mc\u0131lar T\u00fcrk saat\u00e7ili\u011fini d\u00fcnya sahnesine ta\u015f\u0131ma hayali kuruyor.<\/p>\n<p>Gelin, bu kadim topraklar\u0131n saat\u00e7ilik ser\u00fcvenine birlikte bakal\u0131m.<\/p>\n<p>&#8212;<\/p>\n<p>OSMANLI D\u00d6NEM\u0130: SARAYIN SAATLER\u0130<\/p>\n<p>T\u00fcrkiye&#8217;de saat\u00e7ilik tarihi, Osmanl\u0131 \u0130mparatorlu\u011fu&#8217;na kadar uzan\u0131r. 16. y\u00fczy\u0131ldan itibaren Avrupa&#8217;dan getirilen saatler, padi\u015fah hazinelerinin vazge\u00e7ilmez par\u00e7as\u0131 oldu.<\/p>\n<p>Topkap\u0131 Saray\u0131 Saat Koleksiyonu:<br \/>\nTopkap\u0131 Saray\u0131, bug\u00fcn d\u00fcnyan\u0131n en zengin antika saat koleksiyonlar\u0131ndan birini bar\u0131nd\u0131rmaktad\u0131r. \u0130ngiliz, Frans\u0131z, Alman ve \u0130svi\u00e7re yap\u0131m\u0131 onlarca nadide saat, Osmanl\u0131 padi\u015fahlar\u0131n\u0131n sanata ve zamana olan ilgisini g\u00f6zler \u00f6n\u00fcne serer.<\/p>\n<p>III. Ahmet d\u00f6neminde (1703-1730) sarayda \u00f6zel bir &#8220;saat\u00e7iba\u015f\u0131&#8221; g\u00f6revi olu\u015fturuldu. Bu ki\u015fi, saraydaki t\u00fcm saatlerin bak\u0131m\u0131ndan sorumluydu. Avrupa&#8217;dan getirilen ustalar, \u0130stanbul&#8217;da at\u00f6lyeler kurarak \u00e7al\u0131\u015fmaya ba\u015flad\u0131.<\/p>\n<p>Meydan Saatleri ve Saat Kuleleri:<br \/>\nOsmanl\u0131 d\u00f6neminin en g\u00f6rsel saat\u00e7ilik miras\u0131, \u015fehir meydanlar\u0131na dikilen saat kulelerdir. Tophane Saat Kulesi (1848), Dolmabah\u00e7e Saat Kulesi (1890), \u0130zmir Saat Kulesi (1901)&#8230; Bu kuleler, bug\u00fcn h\u00e2l\u00e2 T\u00fcrkiye&#8217;nin simgeleri aras\u0131ndad\u0131r.<\/p>\n<p>Saat kulesi gelene\u011fi, II. Abd\u00fclhamid d\u00f6neminde (1876-1909) zirveye ula\u015ft\u0131. Padi\u015fah\u0131n tahta \u00e7\u0131k\u0131\u015f\u0131n\u0131n 25. y\u0131l\u0131 olan 1901&#8217;de, imparatorlu\u011fun d\u00f6rt bir yan\u0131na onlarca saat kulesi in\u015fa edildi. Bu kuleler, hem Osmanl\u0131&#8217;n\u0131n modernle\u015fme \u00e7abalar\u0131n\u0131n hem de merkezi zaman anlay\u0131\u015f\u0131n\u0131n simgesidir.<\/p>\n<p>&#8212;<\/p>\n<p>CUMHUR\u0130YET D\u00d6NEM\u0130: YEN\u0130 ZAMANIN BA\u015eLANGICI<\/p>\n<p>1923&#8217;te kurulan T\u00fcrkiye Cumhuriyeti, saat\u00e7ilik alan\u0131nda da k\u00f6kl\u00fc de\u011fi\u015fimler getirdi. Hicri ve Rumi takvimden Miladi takvime ge\u00e7i\u015f, alafranga saatten Bat\u0131 saatine ge\u00e7i\u015f&#8230; Zaman anlay\u0131\u015f\u0131 k\u00f6kten de\u011fi\u015fti.<\/p>\n<p>Atat\u00fcrk ve Saat:<br \/>\nMustafa Kemal Atat\u00fcrk, modernle\u015fmenin simgesi olarak saate b\u00fcy\u00fck \u00f6nem verdi. Resimlerde s\u0131kl\u0131kla bile\u011findeki saatiyle g\u00f6r\u00fcnen Atat\u00fcrk, zaman\u0131n de\u011ferini ve disiplinin \u00f6nemini topluma a\u015f\u0131lamaya \u00e7al\u0131\u015ft\u0131.<\/p>\n<p>Kapal\u0131\u00e7ar\u015f\u0131&#8217;n\u0131n Saat\u00e7ileri:<br \/>\n\u0130stanbul&#8217;un kalbinde, Kapal\u0131\u00e7ar\u015f\u0131&#8217;n\u0131n dar sokaklar\u0131nda, saat\u00e7i d\u00fckkanlar\u0131 y\u00fczy\u0131llard\u0131r varl\u0131\u011f\u0131n\u0131 s\u00fcrd\u00fcrmektedir. Bu d\u00fckkanlar, hem sat\u0131\u015f hem de onar\u0131m merkezleri olarak T\u00fcrk saat\u00e7ilik k\u00fclt\u00fcr\u00fcn\u00fcn ya\u015fayan tan\u0131klar\u0131d\u0131r.<\/p>\n<p>Sirkeci&#8217;nin Alt\u0131n \u00c7a\u011f\u0131:<br \/>\nCumhuriyet&#8217;in ilk d\u00f6nemlerinde \u0130stanbul&#8217;un Sirkeci semti, T\u00fcrk saat\u00e7ili\u011finin merkezi haline geldi. Kuyumcu ve saat\u00e7i d\u00fckkanlar\u0131yla dolu bu semtte, y\u00fczlerce usta ellerindeki k\u00fc\u00e7\u00fck aletlerle zaman\u0131 yeniden hayata d\u00f6nd\u00fcr\u00fcyordu.<\/p>\n<p>&#8212;<\/p>\n<p>NACAR \u2014 T\u00dcRK\u0130YE&#8217;N\u0130N EN K\u00d6KL\u00fc SAAT MARKASI<\/p>\n<p>Nacar&#8217;\u0131n hikayesi, 1929 y\u0131l\u0131nda \u0130svi\u00e7re&#8217;de ba\u015flar. Ohannes Nacaro\u011flu adl\u0131 bir Ermeni saat\u00e7i, Cenevre&#8217;de kendi markas\u0131n\u0131 kurdu. Karde\u015fi Kevork arac\u0131l\u0131\u011f\u0131yla T\u00fcrkiye, Beyrut ve Suriye&#8217;ye pazarland\u0131.<\/p>\n<p>T\u00fcrkler Nacar markas\u0131yla 1929 y\u0131l\u0131nda tan\u0131\u015ft\u0131. Saatin kadran\u0131ndaki &#8220;O&#8221; harfini and\u0131ran sembol \u2014 asl\u0131nda Ohannes&#8217;in ba\u015f harfi \u2014 halk aras\u0131nda &#8220;S\u0131f\u0131r Nacar&#8221; diye an\u0131ld\u0131. Bu isim, markan\u0131n kalitesini anlatan bir deyime d\u00f6n\u00fc\u015ft\u00fc.<\/p>\n<p>Konyal\u0131 Saat ile Bulu\u015fma:<br \/>\n1951&#8217;de Mustafa Nal\u00e7ac\u0131, Konya&#8217;da &#8220;\u015een Saat\u00e7i&#8221; d\u00fckkan\u0131n\u0131 a\u00e7t\u0131. 1962&#8217;de \u0130stanbul&#8217;a gelen Nal\u00e7ac\u0131, Sirkeci&#8217;deki tarihi Vaksevonopulo ma\u011fazas\u0131n\u0131 devrald\u0131 ve 1963&#8217;te &#8220;Konyal\u0131 Saat&#8221; ad\u0131n\u0131 verdi. Nacar markas\u0131yla lisans anla\u015fmas\u0131 yapan Nal\u00e7ac\u0131 ailesi, 1989&#8217;da Kevork Nacaro\u011flu&#8217;nun \u00f6l\u00fcm\u00fcn\u00fcn ard\u0131ndan markay\u0131 sat\u0131n ald\u0131.<\/p>\n<p>1968&#8217;de Almanya&#8217;da kapanan bir saat fabrikas\u0131n\u0131n t\u00fcm ekipmanlar\u0131 T\u00fcrkiye&#8217;ye getirildi. Duvar saatleri, bek\u00e7i kontrol saatleri, meydan saatleri&#8230; Nacar, yava\u015f yava\u015f T\u00fcrkiye&#8217;nin yerli \u00fcreticisi haline geldi.<\/p>\n<p>Nacar&#8217;\u0131n Ba\u015far\u0131lar\u0131:<br \/>\n&#8211; T\u00fcrkiye&#8217;deki 400&#8217;den fazla meydan ve bina saati Nacar imzas\u0131 ta\u015f\u0131yor<br \/>\n&#8211; Rusya&#8217;n\u0131n Grozni \u015fehrindeki 44 katl\u0131 binan\u0131n tepesine d\u00fcnyan\u0131n en b\u00fcy\u00fck 5. saati in\u015fa edildi<br \/>\n&#8211; T\u00fcrkiye&#8217;deki havaalanlar\u0131n\u0131n b\u00fcy\u00fck \u00e7o\u011funlu\u011fu Nacar saat sistemleri kullan\u0131yor<br \/>\n&#8211; T\u00fcrk Darphane ile \u00f6zel koleksiyon saatleri \u00fcretildi: Atat\u00fcrk, Lidya Alt\u0131n\u0131, Barbaros Hayrettin Pa\u015fa temal\u0131 modeller<\/p>\n<p>Nacar \u015eimdilerde:<br \/>\nKonyal\u0131 Saat, bug\u00fcn hem perakende hem \u00fcretim alan\u0131nda faaliyet g\u00f6stermektedir. Kol saatinden meydan saatine, k\u00f6stekli cep saatinden dijital sistemlere kadar geni\u015f bir yelpazede T\u00fcrkiye&#8217;nin yerli saat\u00e7ilik gelene\u011fini ya\u015fatmaktad\u0131r.<\/p>\n<p>&#8212;<\/p>\n<p>WESSE \u2014 YEN\u0130 NES\u0130L T\u00dcRK SAAT\u00c7\u0130L\u0130\u011e\u0130<\/p>\n<p>Wesse, T\u00fcrkiye&#8217;nin modern d\u00f6nemde ortaya \u00e7\u0131kan en dikkat \u00e7ekici yerli saat markalar\u0131ndan biridir. T\u00fcrk tasar\u0131m anlay\u0131\u015f\u0131n\u0131 ve Anadolu k\u00fclt\u00fcr\u00fcnden ilham alan motifleri saat\u00e7ilikle bulu\u015fturan marka, hem yurt i\u00e7inde hem yurt d\u0131\u015f\u0131nda ilgi g\u00f6rmektedir.<\/p>\n<p>T\u00fcrk desenlerinden ve geleneksel el sanatlar\u0131ndan esinlenen kadran tasar\u0131mlar\u0131, Wesse&#8217;yi global saat\u00e7ilik sahnesinde \u00f6zg\u00fcn k\u0131lan en \u00f6nemli unsurdur.<\/p>\n<p>&#8212;<\/p>\n<p>FERRUCC\u0130 \u2014 \u0130TALYAN RUHU, T\u00dcRK \u00dcRET\u0130M\u0130<\/p>\n<p>Ferrucci, T\u00fcrkiye&#8217;de tasarlanan ve \u00fcretilen bir saat markas\u0131d\u0131r. \u0130talyan ismine ra\u011fmen k\u00f6kleri T\u00fcrkiye&#8217;ye uzanan bu marka, Avrupa pazar\u0131na da a\u00e7\u0131lmay\u0131 hedefleyen yerel \u00fcreticilerin \u00f6nc\u00fcs\u00fc konumundad\u0131r.<\/p>\n<p>&#8212;<\/p>\n<p>T\u00dcRK SAAT\u00c7ILIK GELENE\u011e\u0130N\u0130N YA\u015eAYAN USLALARI<\/p>\n<p>T\u00fcrkiye&#8217;nin en de\u011ferli saat\u00e7ilik miras\u0131, fabrikalarda de\u011fil \u2014 ustalar\u0131n ellerinde ya\u015famaktad\u0131r.<\/p>\n<p>\u0130stanbul&#8217;un Saat\u00e7i Ustalar\u0131:<br \/>\nKapal\u0131\u00e7ar\u015f\u0131 ve Kapal\u0131\u00e7ar\u015f\u0131 \u00e7evresindeki k\u00fc\u00e7\u00fck at\u00f6lyelerde, onlarca y\u0131ll\u0131k deneyime sahip ustalar bug\u00fcn h\u00e2l\u00e2 \u00e7al\u0131\u015fmaktad\u0131r. Bu ustalar, \u0130svi\u00e7re&#8217;nin en komplike hareketlerini dahi onarmakta, \u00e7\u00fcr\u00fcyen antika saatleri yeniden hayata d\u00f6nd\u00fcrmektedir.<\/p>\n<p>Bir saati s\u00f6kmek kolayd\u0131r. Ama 385 par\u00e7ay\u0131 ve 70-80 viday\u0131 tek tek s\u00f6k\u00fcp, temizleyip, yeniden birle\u015ftirmek \u2014 bu, onlarca y\u0131ll\u0131k bir birikimin \u00fcr\u00fcn\u00fcd\u00fcr. \u0130stanbul&#8217;un bu usta saat\u00e7ileri, ya\u015fayan bir k\u00fclt\u00fcrel miras niteli\u011findedir.<\/p>\n<p>K\u00f6stekli Saat Gelene\u011fi:<br \/>\nT\u00fcrkiye&#8217;de k\u00f6stekli cep saati, yaln\u0131zca bir zaman \u00f6l\u00e7me arac\u0131 de\u011fildi. Bir stat\u00fc sembol\u00fcyd\u00fc, bir miras par\u00e7as\u0131yd\u0131. &#8220;\u015eimendifer saat&#8221; olarak da bilinen demiryolu lokomotifi kabartmal\u0131 k\u00f6stekli saatler, bug\u00fcn koleksiyoncular\u0131n en \u00e7ok arad\u0131\u011f\u0131 par\u00e7alar aras\u0131ndad\u0131r.<\/p>\n<p>&#8212;<\/p>\n<p>T\u00dcRK KOLEKS\u0130YONCULAR: B\u00dcY\u00dcYEN B\u0130R D\u00dcNYA<\/p>\n<p>Son y\u0131llarda T\u00fcrkiye&#8217;de saat koleksiyonculu\u011fu h\u0131zla b\u00fcy\u00fcmektedir. \u00d6zellikle \u0130stanbul&#8217;daki koleksiyoncu topluluklar\u0131, vintage saatler konusunda ciddi bir birikim olu\u015fturmu\u015ftur.<\/p>\n<p>Koleksiyoncular\u0131n G\u00f6zdesi \u2014 Hangi Saatler?<br \/>\nT\u00fcrk koleksiyoncular aras\u0131nda en \u00e7ok aranan saatler \u015funlard\u0131r:<\/p>\n<p>&#8211; **Vintage Rolex:** \u00d6zellikle 1960-1980 aras\u0131 Submariner ve Daytona modelleri<br \/>\n&#8211; **Vintage Omega:** Speedmaster ve Seamaster&#8217;\u0131n klasik \u00f6rnekleri<br \/>\n&#8211; **Osmanl\u0131 D\u00f6nemi Saatleri:** Saray koleksiyonlar\u0131ndan \u00e7\u0131kan veya o d\u00f6neme ait k\u00f6stekli saatler<br \/>\n&#8211; **Nacar K\u00f6stekli Saatler:** \u00d6zellikle &#8220;\u015fimendifer&#8221; lakapl\u0131 lokomotif kabartmal\u0131 \u00f6rnekler<br \/>\n&#8211; **Sovyet Saatleri:** Vostok Amphibia ve Sturmanskie modelleri<\/p>\n<p>&#8212;<\/p>\n<p>B\u00dcY\u00dcK \u015eEH\u0130RLER\u0130N SAAT PAZARLARI<\/p>\n<p>\u0130stanbul \u2014 Kapal\u0131\u00e7ar\u015f\u0131 ve \u00c7evresi:<br \/>\nD nyan\u0131n en b\u00fcy\u00fck kapal\u0131 \u00e7ar\u015f\u0131s\u0131 olan Kapal\u0131\u00e7ar\u015f\u0131, ayn\u0131 zamanda T\u00fcrkiye&#8217;nin en k\u00f6kl\u00fc saat pazar\u0131d\u0131r. Y\u00fczlerce y\u0131ll\u0131k ge\u00e7mi\u015fe sahip bu \u00e7ar\u015f\u0131da, bug\u00fcn h\u00e2l\u00e2 onlarca saat\u00e7i d\u00fckkan\u0131 bulunmaktad\u0131r. Hem yeni saatler hem antika saatler hem de onar\u0131m hizmetleri ayn\u0131 \u00e7at\u0131 alt\u0131nda sunulmaktad\u0131r.<\/p>\n<p>\u0130zmir \u2014 Kemeralt\u0131:<br \/>\n\u0130zmir&#8217;in tarihi Kemeralt\u0131 \u00e7ar\u015f\u0131s\u0131, Ege&#8217;nin en k\u00f6kl\u00fc saat pazarlar\u0131ndan biridir. 1901&#8217;de meydana dikilen tarihi saat kulesiyle \u00e7evrili bu \u00e7ar\u015f\u0131, saat\u00e7ilik k\u00fclt\u00fcr\u00fcn\u00fc ya\u015fatmaya devam etmektedir.<\/p>\n<p>Ankara \u2014 K\u0131z\u0131lay ve Ulus:<br \/>\nCumhuriyet&#8217;in ba\u015fkentinde, \u00f6zellikle Ulus semtindeki tarihi \u00e7ar\u015f\u0131larda eski usul saat\u00e7i at\u00f6lyeleri varl\u0131\u011f\u0131n\u0131 s\u00fcrd\u00fcrmektedir.<\/p>\n<p>&#8212;<\/p>\n<p>T\u00dcRK\u0130YE&#8217;DE SAAT PAZARI<\/p>\n<p>T\u00fcrkiye, d\u00fcnyan\u0131n \u00f6nemli saat t\u00fcketim pazarlar\u0131ndan biridir. \u0130svi\u00e7re Ticaret Odas\u0131 verilerine g\u00f6re T\u00fcrkiye, \u0130svi\u00e7re&#8217;nin en b\u00fcy\u00fck saat ihracat pazarlar\u0131ndan biri konumundad\u0131r.<\/p>\n<p>T\u00fcm b\u00fcy\u00fck d\u00fcnya markalar\u0131 T\u00fcrkiye&#8217;de temsil edilmektedir. Rolex&#8217;ten Patek Philippe&#8217;e, Omega&#8217;dan TAG Heuer&#8217;e kadar pek \u00e7ok prestijli marka, \u0130stanbul&#8217;da butiklere sahiptir.<\/p>\n<p>T\u00fcrkiye&#8217;deki \u00f6nemli saat distrib\u00fct\u00f6rleri ve yetkili sat\u0131c\u0131lar aras\u0131nda Konyal\u0131 Saat, Ersa Saat, Saat ve Saat gibi k\u00f6kl\u00fc markalar \u00f6ne \u00e7\u0131kmaktad\u0131r.<\/p>\n<p>&#8212;<\/p>\n<p>T\u00dcRK SAAT\u00c7\u0130L\u0130\u011e\u0130N\u0130N GELECE\u011e\u0130<\/p>\n<p>T\u00fcrkiye&#8217;de saat\u00e7ilik, bir d\u00f6n\u00fcm noktas\u0131nda durmaktad\u0131r. Bir yanda y\u00fczy\u0131ll\u0131k ustalar ve k\u00f6kl\u00fc gelenekler, di\u011fer yanda yeni nesil tasar\u0131mc\u0131lar ve giri\u015fimciler.<\/p>\n<p>Umut Veren Geli\u015fmeler:<br \/>\n&#8211; T\u00fcrk tasar\u0131mc\u0131lar\u0131n uluslararas\u0131 saat\u00e7ilik fuarlar\u0131na kat\u0131l\u0131m\u0131 art\u0131yor<br \/>\n&#8211; Yerli markalar\u0131n ihracat hedefleri b\u00fcy\u00fcyor<br \/>\n&#8211; \u00dcniversitelerde end\u00fcstriyel tasar\u0131m b\u00f6l\u00fcmlerinin saat tasar\u0131m\u0131na ilgisi art\u0131yor<br \/>\n&#8211; Koleksiyonculuk toplulu\u011funun b\u00fcy\u00fcmesi, saate olan ilgiyi k\u00f6r\u00fckl\u00fcyor<\/p>\n<p>Zorluklar:<br \/>\n&#8211; Yerli hareket \u00fcretiminin hen\u00fcz geli\u015fmemi\u015f olmas\u0131<br \/>\n&#8211; \u0130svi\u00e7re ve Japonya ile rekabet etmenin g\u00fc\u00e7l\u00fc\u011f\u00fc<br \/>\n&#8211; Saat tasar\u0131m ve \u00fcretim e\u011fitiminin s\u0131n\u0131rl\u0131 kalmas\u0131<\/p>\n<p>Ama her b\u00fcy\u00fck yolculuk k\u00fc\u00e7\u00fck ad\u0131mlarla ba\u015flar. Nacar&#8217;\u0131n \u015fimendifer saatinden modern Wesse tasar\u0131mlar\u0131na uzanan bu yolda, T\u00fcrk saat\u00e7ili\u011fi ad\u0131m ad\u0131m ilerlemektedir.<\/p>\n<p>&#8212;<\/p>\n<p>SONU\u00c7: ANADOLU&#8217;NUN ZAMANI<\/p>\n<p>T\u00fcrkiye, saat\u00e7ilik d\u00fcnyas\u0131na hen\u00fcz b\u00fcy\u00fck bir marka kazand\u0131ramam\u0131\u015f olabilir. Ama bu topraklar\u0131n saat\u00e7ilik birikimi, sand\u0131\u011f\u0131n\u0131zdan \u00e7ok daha derin ve zengindir.<\/p>\n<p>Topkap\u0131&#8217;n\u0131n hazinesindeki nadide saatlerden Kapal\u0131\u00e7ar\u015f\u0131&#8217;n\u0131n usta saat\u00e7ilerine, Osmanl\u0131 saat kulelerinden modern T\u00fcrk tasar\u0131mc\u0131lar\u0131na kadar uzanan bu gelenek \u2014 ya\u015famaya ve b\u00fcy\u00fcmeye devam ediyor.<\/p>\n<p>Belki bir g\u00fcn, bile\u011fimizdeki saatin kadran\u0131nda &#8220;Made in Turkey&#8221; yazacak ve bu yaz\u0131, d\u00fcnya saat\u00e7ilik haritas\u0131nda hak etti\u011fi sayg\u0131y\u0131 g\u00f6recek.<\/p>\n<p>O g\u00fcne kadar, zaman\u0131m\u0131z\u0131 de\u011ferli k\u0131lmaya devam edelim.<\/p>\n<p>Zaman\u0131n stili bilekte ba\u015flar. \u2014 kolundanevar<\/p>\n","protected":false},"excerpt":{"rendered":"<p>T\u00fcrkiye, d\u00fcnya saat\u00e7ilik haritas\u0131nda hen\u00fcz hak etti\u011fi yeri alamam\u0131\u015f bir \u00fclkedir. Oysa bu topraklar\u0131n saatle ili\u015fkisi, Osmanl\u0131&#8217;n\u0131n g\u00f6rkemli d\u00f6nemine kadar uzan\u0131r. \u0130stanbul&#8217;un minarelerinden y\u00fckselen ezan, Topkap\u0131 Saray\u0131&#8217;n\u0131n hazinesindeki nadide saat koleksiyonlar\u0131, Kapal\u0131\u00e7ar\u015f\u0131&#8217;n\u0131n y\u00fczy\u0131ll\u0131k saat\u00e7i d\u00fckkanlar\u0131&#8230; T\u00fcrkiye, saati hi\u00e7bir zaman yabanc\u0131 g\u00f6rmedi. Ama ne yaz\u0131k ki uzun y\u0131llar boyunca saati \u00fcretmek yerine ithal etmeyi tercih etti. &hellip;<\/p>\n","protected":false},"author":1,"featured_media":1049,"comment_status":"open","ping_status":"open","sticky":false,"template":"","format":"standard","meta":{"footnotes":""},"categories":[31],"tags":[18],"class_list":["post-955","post","type-post","status-publish","format-standard","has-post-thumbnail","hentry","category-tie-business","tag-teknoloji"],"_links":{"self":[{"href":"https:\/\/kolundanevar.com\/index.php\/wp-json\/wp\/v2\/posts\/955","targetHints":{"allow":["GET"]}}],"collection":[{"href":"https:\/\/kolundanevar.com\/index.php\/wp-json\/wp\/v2\/posts"}],"about":[{"href":"https:\/\/kolundanevar.com\/index.php\/wp-json\/wp\/v2\/types\/post"}],"author":[{"embeddable":true,"href":"https:\/\/kolundanevar.com\/index.php\/wp-json\/wp\/v2\/users\/1"}],"replies":[{"embeddable":true,"href":"https:\/\/kolundanevar.com\/index.php\/wp-json\/wp\/v2\/comments?post=955"}],"version-history":[{"count":1,"href":"https:\/\/kolundanevar.com\/index.php\/wp-json\/wp\/v2\/posts\/955\/revisions"}],"predecessor-version":[{"id":1050,"href":"https:\/\/kolundanevar.com\/index.php\/wp-json\/wp\/v2\/posts\/955\/revisions\/1050"}],"wp:featuredmedia":[{"embeddable":true,"href":"https:\/\/kolundanevar.com\/index.php\/wp-json\/wp\/v2\/media\/1049"}],"wp:attachment":[{"href":"https:\/\/kolundanevar.com\/index.php\/wp-json\/wp\/v2\/media?parent=955"}],"wp:term":[{"taxonomy":"category","embeddable":true,"href":"https:\/\/kolundanevar.com\/index.php\/wp-json\/wp\/v2\/categories?post=955"},{"taxonomy":"post_tag","embeddable":true,"href":"https:\/\/kolundanevar.com\/index.php\/wp-json\/wp\/v2\/tags?post=955"}],"curies":[{"name":"wp","href":"https:\/\/api.w.org\/{rel}","templated":true}]}}