{"id":958,"date":"2026-05-16T20:21:15","date_gmt":"2026-05-16T20:21:15","guid":{"rendered":"https:\/\/kolundanevar.com\/index.php\/2026\/05\/16\/ev-sahipleri-milyarlari-neden-masada-birakiyor\/"},"modified":"2026-05-19T07:24:57","modified_gmt":"2026-05-19T07:24:57","slug":"ev-sahipleri-milyarlari-neden-masada-birakiyor","status":"publish","type":"post","link":"https:\/\/kolundanevar.com\/index.php\/2026\/05\/16\/ev-sahipleri-milyarlari-neden-masada-birakiyor\/","title":{"rendered":"Alman Saat\u00e7ili\u011fi: M\u00fchendisli\u011fin \u015eiiri"},"content":{"rendered":"<p>[dropcap]A[\/dropcap]lmanya, d\u00fcnyaya otomobil, m\u00fczik ve felsefe verdi. Ama saat\u00e7ilik s\u00f6z konusu oldu\u011funda, bu \u00fclkenin katk\u0131s\u0131 \u00e7o\u011fu zaman g\u00f6z ard\u0131 edilir. Oysa Alman saat\u00e7ili\u011fi, \u0130svi\u00e7re&#8217;nin zarafetinden farkl\u0131 ama e\u015fit derecede derin bir gelene\u011fe sahiptir. Glash\u00fctte&#8217;nin k\u00fc\u00e7\u00fck da\u011f kasabas\u0131ndan \u00e7\u0131kan saatler, bug\u00fcn d\u00fcnyan\u0131n en prestijli koleksiyonlar\u0131nda \u0130svi\u00e7re&#8217;nin b\u00fcy\u00fck markalar\u0131yla yan yana durmaktad\u0131r.<\/p>\n<p>Alman saat\u00e7ili\u011fi disiplindir. M\u00fchendisliktir. M\u00fckemmeliyet\u00e7iliktir. Ve her \u015feyden \u00f6nce \u2014 d\u00fcr\u00fcstl\u00fckt\u00fcr.<\/p>\n<p>&#8212;<\/p>\n<p>ALMAN SAAT\u00c7\u0130L\u0130\u011e\u0130N\u0130N TAR\u0130H\u0130<\/p>\n<p>Almanya&#8217;da saat\u00e7ilik, 15. y\u00fczy\u0131lda N\u00fcrnberg&#8217;de ba\u015flad\u0131. Peter Henlein, 1510&#8217;da ta\u015f\u0131nabilir saat mekanizmas\u0131n\u0131 icat etti. Ama as\u0131l merkez, 1845&#8217;te Ferdinand Adolph Lange&#8217;nin Glash\u00fctte&#8217;ye gelmesiyle olu\u015ftu. Bu k\u00fc\u00e7\u00fck madenci kasabas\u0131, k\u0131sa s\u00fcrede &#8220;Alman saat\u00e7ili\u011finin ba\u015fkenti&#8221; oldu.<\/p>\n<p>\u0130kinci D\u00fcnya Sava\u015f\u0131 ve Sovyet i\u015fgali her \u015feyi yerle bir etti. 1990&#8217;da Almanya&#8217;n\u0131n yeniden birle\u015fmesiyle Glash\u00fctte de yeniden do\u011fdu.<\/p>\n<p>&#8212;<\/p>\n<p>A. LANGE &amp; S\u00d6HNE \u2014 GLASH\u00dcTTE&#8217;N\u0130N TA\u00c7LI KRALI<\/p>\n<p>Ferdinand Adolph Lange&#8217;nin 1845&#8217;te kurdu\u011fu bu marka, Alman saat\u00e7ili\u011finin zirvesini temsil eder. 1990&#8217;da Walter Lange taraf\u0131ndan yeniden hayata ge\u00e7irildi ve hemen saat\u00e7ilik d\u00fcnyas\u0131n\u0131n zirvesine yerle\u015fti.<\/p>\n<p>Lange 1 \u2014 Asimetrik Deha<br \/>\nAsimetrik kadran d\u00fczeni, b\u00fcy\u00fck tarih penceresi, Alman g\u00fcm\u00fc\u015f plaka, elle grav\u00fcr. Alman m\u00fchendisli\u011finin \u015fiiri.<\/p>\n<p>Datograph \u2014 Kronograf\u0131n Zirvesi<br \/>\nPek \u00e7ok uzman, Datograph&#8217;\u0131 d\u00fcnyan\u0131n en g\u00fczel kronograf\u0131 olarak kabul eder. Flyback mekanizmas\u0131, tam a\u00e7\u0131k hareket g\u00f6r\u00fcn\u00fcm\u00fc.<\/p>\n<p>Zeitwerk \u2014 Atlayan Zaman<br \/>\nMekanik bir saat ama zaman\u0131 dijital olarak g\u00f6steriyor. Her dakika rakamlar atlayarak de\u011fi\u015fir. Saat\u00e7ili\u011fin s\u0131n\u0131rlar\u0131n\u0131 zorluyor.<\/p>\n<p>1815 \u2014 Ge\u00e7mi\u015fe Sayg\u0131<br \/>\nFerdinand Adolph Lange&#8217;nin do\u011fum y\u0131l\u0131ndan ad\u0131n\u0131 al\u0131r. Sade kadran, Breguet rakamlar\u0131, beyaz alt\u0131n vaka.<\/p>\n<p>&#8212;<\/p>\n<p>GLASH\u00dcTTE ORIGINAL \u2014 GELENE\u011e\u0130N MODERN YORUMU<\/p>\n<p>GUB&#8217;un miras\u0131n\u0131 ta\u015f\u0131yan Glash\u00fctte Original, Alman saat\u00e7ilik gelene\u011fini modern yorumla ya\u015fatmaktad\u0131r.<\/p>\n<p>Senator Chronograph Panorama Date \u2014 Alman Zarafeti<br \/>\nPanoramik b\u00fcy\u00fck tarih penceresi, flyback kronograf, Alman g\u00fcm\u00fc\u015f plaka.<\/p>\n<p>PanoMaticLunar \u2014 Ay Fazlar\u0131<br \/>\nAy faz\u0131 g\u00f6stergesi, b\u00fcy\u00fck tarih, otomatik hareket. Glash\u00fctte Original&#8217;in romantik y\u00fcz\u00fc.<\/p>\n<p>SeaQ \u2014 Dalg\u0131\u00e7 Alman Tarz\u0131nda<br \/>\n300 metre su ge\u00e7irmezlik. Glash\u00fctte Original&#8217;in en sporcu modeli.<\/p>\n<p>&#8212;<\/p>\n<p>NOMOS GLASH\u00dcTTE \u2014 M\u0130N\u0130MAL\u0130ZM\u0130N USTASI<\/p>\n<p>1990&#8217;da kurulan NOMOS, Bauhaus tasar\u0131m felsefesinden ilham al\u0131r. Sadelik, i\u015flevsellik, d\u00fcr\u00fcstl\u00fck.<\/p>\n<p>Tangente \u2014 Bauhaus&#8217;un Saati<br \/>\n\u0130nce vaka, sade kadran, minimum detay. &#8220;Daha az, daha \u00e7ok&#8221; anlay\u0131\u015f\u0131n\u0131n m\u00fckemmel \u00f6rne\u011fi.<\/p>\n<p>Club \u2014 G\u00fcnl\u00fck Yolda\u015f<br \/>\nYuvarlak vaka, beyaz kadran, k\u0131rm\u0131z\u0131 saniye. Her g\u00fcn her k\u0131yafetle giyilebilir.<\/p>\n<p>Metro \u2014 \u015eehrin Ritmi<br \/>\n\u015eehir ya\u015fam\u0131 i\u00e7in tasarland\u0131. Zarif \u00e7izgiler, ince profil.<\/p>\n<p>&#8212;<\/p>\n<p>SINN \u2014 M\u00dcHEND\u0130SL\u0130\u011e\u0130N SAFI<\/p>\n<p>Frankfurt merkezli Sinn, saat\u00e7ilik d\u00fcnyas\u0131n\u0131n en teknik markalar\u0131ndan biridir.<\/p>\n<p>Sinn 556 \u2014 Pilotun Dostu<br \/>\nB\u00fcy\u00fck kadran, okunabilir tasar\u0131m, sa\u011flam yap\u0131.<\/p>\n<p>Sinn U1 \u2014 D\u00fcnyan\u0131n En Sert Saati<br \/>\nU-Boot \u00e7eli\u011fi, 1000 metre su ge\u00e7irmezlik, kuru nitrojen doldurma. M\u00fchendisli\u011fin saat bi\u00e7imindeki hali.<\/p>\n<p>Sinn EZM \u2014 \u00d6zel Kuvvetlerin Saati<br \/>\nAlman \u00f6zel kuvvetleri i\u00e7in geli\u015ftirildi. Antimagnetik, \u015foka dayan\u0131kl\u0131, a\u015f\u0131r\u0131 s\u0131cakl\u0131klara dayan\u0131kl\u0131.<\/p>\n<p>&#8212;<\/p>\n<p>LACO \u2014 PILOT SAATLER\u0130N\u0130N BABASI<\/p>\n<p>1925&#8217;te Pforzheim&#8217;da kurulan Laco, \u0130kinci D\u00fcnya Sava\u015f\u0131&#8217;nda Alman Hava Kuvvetleri&#8217;ne resmi tedarik\u00e7iydi.<\/p>\n<p>Laco Flieger Original \u2014 Tarihin Canl\u0131 Tan\u0131\u011f\u0131<br \/>\n1940&#8217;lar\u0131n orijinal Luftwaffe saatlerinden ilham al\u0131r. Tip A ve Tip B kadranlar.<\/p>\n<p>&#8212;<\/p>\n<p>TUTIMA \u2014 GLASH\u00dcTTE&#8217;N\u0130N G\u0130ZL\u0130 HAZ\u0130N\u0130<\/p>\n<p>1927&#8217;de kurulan Tutima, Alman Hava Kuvvetleri i\u00e7in \u00fcretti\u011fi pilot saatleriyle tan\u0131n\u0131r.<\/p>\n<p>Tutima Flieger \u2014 G\u00f6ky\u00fcz\u00fc Miras\u0131<br \/>\nB\u00fcy\u00fck kadran, B-u\u00e7ak tipi d\u00fc\u011fmeler, g\u00fc\u00e7l\u00fc yap\u0131.<\/p>\n<p>&#8212;<\/p>\n<p>STOWA \u2014 SAAT\u00c7ILIK A\u015eKININ \u00dcR\u00dcN\u00dc<\/p>\n<p>1927&#8217;de Pforzheim&#8217;da kurulan Stowa, vintage saat tutkunlar\u0131n\u0131n favorisidir.<\/p>\n<p>Stowa Antea \u2014 Vintage Ruhun Modern Bedeni<br \/>\n1930&#8217;lar\u0131n tasar\u0131m diline sayg\u0131 duru\u015fu. Sade beyaz kadran, minimal detay.<\/p>\n<p>&#8212;<\/p>\n<p>M\u00dcHLE-GLASH\u00dcTTE \u2014 A\u0130LE GELENE\u011e\u0130<\/p>\n<p>1869&#8217;da kurulan bu marka, bug\u00fcn d\u00f6rd\u00fcnc\u00fc nesil aile y\u00f6netiminde \u00fcretim yapmaktad\u0131r.<\/p>\n<p>&#8212;<\/p>\n<p>ALMAN SAAT\u00c7\u0130L\u0130\u011e\u0130N\u0130N TEMEL \u00d6ZELL\u0130KLER\u0130<\/p>\n<p>Alman G\u00fcm\u00fc\u015f Plaka (Drei-Viertel-Platine): \u00dc\u00e7te iki veya d\u00f6rtte \u00fc\u00e7 boyutunda tek plaka. Harekete estetik b\u00fct\u00fcnl\u00fck ve mekanik kararl\u0131l\u0131k kazand\u0131r\u0131r.<\/p>\n<p>Screw Balans: Vida ile ayarlanan balans \u00e7ark\u0131. Hassas ayar imk\u00e2n\u0131.<\/p>\n<p>Elle Grav\u00fcr: K\u00f6pr\u00fc ve plakalar \u00fczerine geleneksel elle grav\u00fcr. Her saat benzersizdir.<\/p>\n<p>\u00c7ift Sarma: \u0130ki ayr\u0131 sarma yay\u0131. Daha uzun \u00e7al\u0131\u015fma s\u00fcresi.<\/p>\n<p>&#8212;<\/p>\n<p>SONU\u00c7: D\u0130S\u0130PL\u0130N\u0130N SAAT\u0130<\/p>\n<p>Glash\u00fctte&#8217;nin k\u00fc\u00e7\u00fck kasabas\u0131ndan \u00e7\u0131kan bu saatler, d\u00fcnya saat\u00e7ili\u011finin zirvesinde hak ettikleri yeri alm\u0131\u015ft\u0131r. Bir Alman saati ald\u0131\u011f\u0131n\u0131zda, y\u00fczy\u0131llarca s\u00fcren bir disiplinin ve m\u00fckemmeliyet\u00e7ilik gelene\u011finin miras\u00e7\u0131s\u0131 oluyorsunuz.<\/p>\n<p>Ve o saat, her saniye at\u0131\u015f\u0131nda bu disiplini size hat\u0131rlat\u0131yor.<\/p>\n<p>Zaman\u0131n stili bilekte ba\u015flar. \u2014 kolundanevar<\/p>\n","protected":false},"excerpt":{"rendered":"<p>Almanya, d\u00fcnyaya otomobil, m\u00fczik ve felsefe verdi. Ama saat\u00e7ilik s\u00f6z konusu oldu\u011funda, bu \u00fclkenin katk\u0131s\u0131 \u00e7o\u011fu zaman g\u00f6z ard\u0131 edilir. Oysa Alman saat\u00e7ili\u011fi, \u0130svi\u00e7re&#8217;nin zarafetinden farkl\u0131 ama e\u015fit derecede derin bir gelene\u011fe sahiptir. Glash\u00fctte&#8217;nin k\u00fc\u00e7\u00fck da\u011f kasabas\u0131ndan \u00e7\u0131kan saatler, bug\u00fcn d\u00fcnyan\u0131n en prestijli koleksiyonlar\u0131nda \u0130svi\u00e7re&#8217;nin b\u00fcy\u00fck markalar\u0131yla yan yana durmaktad\u0131r. Alman saat\u00e7ili\u011fi disiplindir. M\u00fchendisliktir. M\u00fckemmeliyet\u00e7iliktir. &hellip;<\/p>\n","protected":false},"author":1,"featured_media":1042,"comment_status":"open","ping_status":"open","sticky":false,"template":"","format":"standard","meta":{"footnotes":""},"categories":[31],"tags":[37,39,36,38,40],"class_list":["post-958","post","type-post","status-publish","format-standard","has-post-thumbnail","hentry","category-tie-business","tag-iwc","tag-lange","tag-seiko","tag-zinn","tag-zoone"],"_links":{"self":[{"href":"https:\/\/kolundanevar.com\/index.php\/wp-json\/wp\/v2\/posts\/958","targetHints":{"allow":["GET"]}}],"collection":[{"href":"https:\/\/kolundanevar.com\/index.php\/wp-json\/wp\/v2\/posts"}],"about":[{"href":"https:\/\/kolundanevar.com\/index.php\/wp-json\/wp\/v2\/types\/post"}],"author":[{"embeddable":true,"href":"https:\/\/kolundanevar.com\/index.php\/wp-json\/wp\/v2\/users\/1"}],"replies":[{"embeddable":true,"href":"https:\/\/kolundanevar.com\/index.php\/wp-json\/wp\/v2\/comments?post=958"}],"version-history":[{"count":1,"href":"https:\/\/kolundanevar.com\/index.php\/wp-json\/wp\/v2\/posts\/958\/revisions"}],"predecessor-version":[{"id":1043,"href":"https:\/\/kolundanevar.com\/index.php\/wp-json\/wp\/v2\/posts\/958\/revisions\/1043"}],"wp:featuredmedia":[{"embeddable":true,"href":"https:\/\/kolundanevar.com\/index.php\/wp-json\/wp\/v2\/media\/1042"}],"wp:attachment":[{"href":"https:\/\/kolundanevar.com\/index.php\/wp-json\/wp\/v2\/media?parent=958"}],"wp:term":[{"taxonomy":"category","embeddable":true,"href":"https:\/\/kolundanevar.com\/index.php\/wp-json\/wp\/v2\/categories?post=958"},{"taxonomy":"post_tag","embeddable":true,"href":"https:\/\/kolundanevar.com\/index.php\/wp-json\/wp\/v2\/tags?post=958"}],"curies":[{"name":"wp","href":"https:\/\/api.w.org\/{rel}","templated":true}]}}